{"id":16,"date":"2024-09-08T18:24:18","date_gmt":"2024-09-08T16:24:18","guid":{"rendered":"https:\/\/ssokjyh.cluster027.hosting.ovh.net\/?p=16"},"modified":"2024-09-08T18:25:38","modified_gmt":"2024-09-08T16:25:38","slug":"porsche-911-turbo-50-years-le-mythe-fete-ses-50-ans","status":"publish","type":"post","link":"https:\/\/porschiste.com\/index.php\/2024\/09\/08\/porsche-911-turbo-50-years-le-mythe-fete-ses-50-ans\/","title":{"rendered":"Porsche 911 Turbo 50 Years : Le mythe f\u00eate ses 50 ans"},"content":{"rendered":"\n<p>Pour c\u00e9l\u00e9brer les 50 ans de la mythique 911 Turbo, Porsche d\u00e9voile une \u00e9dition sp\u00e9ciale et exclusive : la 911 Turbo 50 Years. M\u00e9langeant performances de haut vol et design raffin\u00e9, ce mod\u00e8le anniversaire rend hommage aux mod\u00e8les embl\u00e9matiques de la marque tout en apportant une touche de modernit\u00e9.<\/p>\n\n\n\n<figure class=\"wp-block-image size-large\"><img loading=\"lazy\" decoding=\"async\" width=\"1024\" height=\"576\" src=\"https:\/\/porschiste.com\/wp-content\/uploads\/2024\/09\/img_8-1024x576.jpg\" alt=\"\" class=\"wp-image-17\" srcset=\"https:\/\/porschiste.com\/wp-content\/uploads\/2024\/09\/img_8-1024x576.jpg 1024w, https:\/\/porschiste.com\/wp-content\/uploads\/2024\/09\/img_8-300x169.jpg 300w, https:\/\/porschiste.com\/wp-content\/uploads\/2024\/09\/img_8-768x432.jpg 768w, https:\/\/porschiste.com\/wp-content\/uploads\/2024\/09\/img_8-1536x864.jpg 1536w, https:\/\/porschiste.com\/wp-content\/uploads\/2024\/09\/img_8-2048x1152.jpg 2048w\" sizes=\"auto, (max-width: 1024px) 100vw, 1024px\" \/><\/figure>\n\n\n\n<p><strong>Un clin d\u2019\u0153il au pass\u00e9<\/strong><\/p>\n\n\n\n<p>Bas\u00e9e sur la 911 Turbo S de derni\u00e8re g\u00e9n\u00e9ration, la 911 Turbo 50 Years est limit\u00e9e \u00e0 1 974 exemplaires, en r\u00e9f\u00e9rence \u00e0 l\u2019ann\u00e9e de lancement de la premi\u00e8re 911 Turbo en 1974. \u00c0 l\u2019\u00e9poque, la 911 Turbo Type 930 avait r\u00e9volutionn\u00e9 le march\u00e9 en int\u00e9grant la technologie turbo des voitures de course 917 dans une voiture de s\u00e9rie. Le mod\u00e8le anniversaire reprend cette audace et la r\u00e9interpr\u00e8te : son design ext\u00e9rieur s\u2019inspire des mod\u00e8les historiques, avec des \u00e9l\u00e9ments comme les graphismes lat\u00e9raux qui rappellent la livr\u00e9e de la 911 RSR Turbo pr\u00e9sent\u00e9e en 1973.<\/p>\n\n\n\n<p><strong>D\u00e9tails exclusifs et touches r\u00e9tro<\/strong><\/p>\n\n\n\n<p>\u00c0 l\u2019int\u00e9rieur, on retrouve un hommage aux ann\u00e9es 70 avec le fameux tartan McKenzie sur les si\u00e8ges et les panneaux de portes. Les accents en couleur Turbonite, utilis\u00e9e pour la premi\u00e8re fois sur une 911, viennent apporter une touche moderne tout en respectant l\u2019h\u00e9ritage de la marque. Des d\u00e9tails comme la projection LED d\u2019un turbocompresseur sur le sol ou le badge anniversaire sur la grille moteur ajoutent une touche unique \u00e0 ce mod\u00e8le sp\u00e9cial.<\/p>\n\n\n\n<figure class=\"wp-block-image size-large\"><img loading=\"lazy\" decoding=\"async\" width=\"1024\" height=\"576\" src=\"https:\/\/porschiste.com\/wp-content\/uploads\/2024\/09\/img_10-1024x576.jpg\" alt=\"\" class=\"wp-image-19\" srcset=\"https:\/\/porschiste.com\/wp-content\/uploads\/2024\/09\/img_10-1024x576.jpg 1024w, https:\/\/porschiste.com\/wp-content\/uploads\/2024\/09\/img_10-300x169.jpg 300w, https:\/\/porschiste.com\/wp-content\/uploads\/2024\/09\/img_10-768x432.jpg 768w, https:\/\/porschiste.com\/wp-content\/uploads\/2024\/09\/img_10-1536x864.jpg 1536w, https:\/\/porschiste.com\/wp-content\/uploads\/2024\/09\/img_10-2048x1152.jpg 2048w\" sizes=\"auto, (max-width: 1024px) 100vw, 1024px\" \/><\/figure>\n\n\n\n<p><strong>Encore plus de nostalgie avec le pack Heritage Design<\/strong><\/p>\n\n\n\n<p>Pour les plus nostalgiques, Porsche propose un pack Heritage Design en option. Ce dernier ajoute des \u00e9l\u00e9ments de design inspir\u00e9s des ann\u00e9es 70, comme la peinture Aventurine Green Metallic et des graphismes d\u00e9coratifs incluant le logo &#8220;50 years of Turbo&#8221;. Les si\u00e8ges et les panneaux int\u00e9rieurs en cuir reprennent \u00e9galement le motif tartan embl\u00e9matique, et l\u2019ancien logo Porsche de 1964 fait son retour sur le volant et les roues.<\/p>\n\n\n\n<figure class=\"wp-block-image size-large\"><img loading=\"lazy\" decoding=\"async\" width=\"1024\" height=\"576\" src=\"https:\/\/porschiste.com\/wp-content\/uploads\/2024\/09\/img_36-1-1024x576.jpg\" alt=\"\" class=\"wp-image-20\" srcset=\"https:\/\/porschiste.com\/wp-content\/uploads\/2024\/09\/img_36-1-1024x576.jpg 1024w, https:\/\/porschiste.com\/wp-content\/uploads\/2024\/09\/img_36-1-300x169.jpg 300w, https:\/\/porschiste.com\/wp-content\/uploads\/2024\/09\/img_36-1-768x432.jpg 768w, https:\/\/porschiste.com\/wp-content\/uploads\/2024\/09\/img_36-1-1536x865.jpg 1536w, https:\/\/porschiste.com\/wp-content\/uploads\/2024\/09\/img_36-1-2048x1153.jpg 2048w\" sizes=\"auto, (max-width: 1024px) 100vw, 1024px\" \/><\/figure>\n\n\n\n<p><strong>Des performances qui d\u00e9coiffent<\/strong><\/p>\n\n\n\n<p>C\u00f4t\u00e9 m\u00e9canique, la 911 Turbo 50 Years ne fait pas de compromis : elle embarque un moteur boxer 3,7 litres biturbo de 650 chevaux, le m\u00eame que la 911 Turbo S de 2019. R\u00e9sultat ? Un 0 \u00e0 100 km\/h aval\u00e9 en 2,7 secondes et une vitesse de pointe \u00e0 couper le souffle. Les \u00e9quipements de s\u00e9rie incluent la suspension sport Porsche Active Suspension Management (PASM) abaiss\u00e9e de 10 mm, un syst\u00e8me d\u2019\u00e9chappement sport, et les phares LED matriciels avec le Porsche Dynamic Light System Plus.<\/p>\n\n\n\n<p><strong>Un chronographe exclusif pour une voiture intemporelle<\/strong><\/p>\n\n\n\n<p>En compl\u00e9ment de la voiture, Porsche Design propose un chronographe exclusif limit\u00e9 \u00e0 1 974 exemplaires, assorti au v\u00e9hicule. Ce garde-temps reprend des \u00e9l\u00e9ments de la voiture, comme le cadran en Turbonite et une sangle en cuir avec coutures d\u00e9coratives, pour une harmonie parfaite entre la montre et la voiture.<\/p>\n\n\n\n<p><strong>Disponible d\u00e8s l\u2019automne 2024<\/strong><\/p>\n\n\n\n<p>La 911 Turbo 50 Years sera visible au Porsche Museum de Stuttgart-Zuffenhausen avant les premi\u00e8res livraisons pr\u00e9vues pour l\u2019automne 2024. Porsche nous rappelle une fois de plus que l\u2019histoire et l\u2019innovation peuvent se conjuguer \u00e0 la perfection, m\u00eame 50 ans apr\u00e8s la premi\u00e8re r\u00e9volution Turbo. Un joli coup de volant pour la marque, et un beau cadeau pour les passionn\u00e9s !<\/p>\n\n\n\n<figure class=\"wp-block-image size-large\"><img loading=\"lazy\" decoding=\"async\" width=\"1024\" height=\"576\" src=\"https:\/\/porschiste.com\/wp-content\/uploads\/2024\/09\/img_37-1024x576.jpg\" alt=\"\" class=\"wp-image-21\" srcset=\"https:\/\/porschiste.com\/wp-content\/uploads\/2024\/09\/img_37-1024x576.jpg 1024w, https:\/\/porschiste.com\/wp-content\/uploads\/2024\/09\/img_37-300x169.jpg 300w, https:\/\/porschiste.com\/wp-content\/uploads\/2024\/09\/img_37-768x432.jpg 768w, https:\/\/porschiste.com\/wp-content\/uploads\/2024\/09\/img_37-1536x864.jpg 1536w, https:\/\/porschiste.com\/wp-content\/uploads\/2024\/09\/img_37-2048x1152.jpg 2048w\" sizes=\"auto, (max-width: 1024px) 100vw, 1024px\" \/><\/figure>\n\n\n\n<p>Cr\u00e9dit photo Dr. Ing. h.c. F. Porsche AG<\/p>\n","protected":false},"excerpt":{"rendered":"<p>Pour c\u00e9l\u00e9brer les 50 ans de la mythique 911 Turbo, Porsche d\u00e9voile une \u00e9dition sp\u00e9ciale et exclusive : la 911<\/p>\n","protected":false},"author":1,"featured_media":17,"comment_status":"open","ping_status":"open","sticky":false,"template":"","format":"standard","meta":{"footnotes":""},"categories":[3],"tags":[11,10],"class_list":["post-16","post","type-post","status-publish","format-standard","has-post-thumbnail","hentry","category-news-produits","tag-anniversaire","tag-turbo"],"_links":{"self":[{"href":"https:\/\/porschiste.com\/index.php\/wp-json\/wp\/v2\/posts\/16","targetHints":{"allow":["GET"]}}],"collection":[{"href":"https:\/\/porschiste.com\/index.php\/wp-json\/wp\/v2\/posts"}],"about":[{"href":"https:\/\/porschiste.com\/index.php\/wp-json\/wp\/v2\/types\/post"}],"author":[{"embeddable":true,"href":"https:\/\/porschiste.com\/index.php\/wp-json\/wp\/v2\/users\/1"}],"replies":[{"embeddable":true,"href":"https:\/\/porschiste.com\/index.php\/wp-json\/wp\/v2\/comments?post=16"}],"version-history":[{"count":1,"href":"https:\/\/porschiste.com\/index.php\/wp-json\/wp\/v2\/posts\/16\/revisions"}],"predecessor-version":[{"id":22,"href":"https:\/\/porschiste.com\/index.php\/wp-json\/wp\/v2\/posts\/16\/revisions\/22"}],"wp:featuredmedia":[{"embeddable":true,"href":"https:\/\/porschiste.com\/index.php\/wp-json\/wp\/v2\/media\/17"}],"wp:attachment":[{"href":"https:\/\/porschiste.com\/index.php\/wp-json\/wp\/v2\/media?parent=16"}],"wp:term":[{"taxonomy":"category","embeddable":true,"href":"https:\/\/porschiste.com\/index.php\/wp-json\/wp\/v2\/categories?post=16"},{"taxonomy":"post_tag","embeddable":true,"href":"https:\/\/porschiste.com\/index.php\/wp-json\/wp\/v2\/tags?post=16"}],"curies":[{"name":"wp","href":"https:\/\/api.w.org\/{rel}","templated":true}]}}